{"id":4511,"date":"2025-12-01T00:24:13","date_gmt":"2025-11-30T23:24:13","guid":{"rendered":"https:\/\/elpalaciodelamagia.com\/?p=4511"},"modified":"2025-12-16T09:11:45","modified_gmt":"2025-12-16T08:11:45","slug":"navidades-magicas-en-barcelona-el-plan-perfecto-para-hacer-con-ninos-estas-fiestas","status":"publish","type":"post","link":"https:\/\/elpalaciodelamagia.com\/en\/navidades-magicas-en-barcelona-el-plan-perfecto-para-hacer-con-ninos-estas-fiestas\/","title":{"rendered":"Navidades M\u00e1gicas en Barcelona: el plan perfecto para hacer con ni\u00f1os estas fiestas"},"content":{"rendered":"<p><\/p>\n\n\n\n<p><\/p>\n\n\n\n<h2 class=\"wp-block-heading\"><strong>Un espect\u00e1culo navide\u00f1o para ni\u00f1os en Barcelona<\/strong><\/h2>\n\n\n\n<p><strong>Estas Navidades M\u00e1gicas en Barcelona con ni\u00f1os se convierten en un plan perfecto para compartir en familia.<\/strong><br>En El Palacio de la Magia, los peques se visten de magos, participan y viven la ilusi\u00f3n muy de cerca. Nuestro teatro, con solo 60 butacas, crea un ambiente \u00edntimo, divertido y lleno de emoci\u00f3n donde cada funci\u00f3n se siente especial.<\/p>\n\n\n\n<p><\/p>\n\n\n\n<p><\/p>\n\n\n\n<figure class=\"wp-block-image size-large\"><img fetchpriority=\"high\" decoding=\"async\" width=\"777\" height=\"1024\" src=\"https:\/\/elpalaciodelamagia.com\/wp-content\/uploads\/2025\/11\/nina-pequena-777x1024.jpg\" alt=\"familias disfrutando navidades m\u00e1gicas en barcelona\" class=\"wp-image-4513\" srcset=\"https:\/\/elpalaciodelamagia.com\/wp-content\/uploads\/2025\/11\/nina-pequena-777x1024.jpg 777w, https:\/\/elpalaciodelamagia.com\/wp-content\/uploads\/2025\/11\/nina-pequena-228x300.jpg 228w, https:\/\/elpalaciodelamagia.com\/wp-content\/uploads\/2025\/11\/nina-pequena-768x1012.jpg 768w, https:\/\/elpalaciodelamagia.com\/wp-content\/uploads\/2025\/11\/nina-pequena-1166x1536.jpg 1166w, https:\/\/elpalaciodelamagia.com\/wp-content\/uploads\/2025\/11\/nina-pequena-9x12.jpg 9w, https:\/\/elpalaciodelamagia.com\/wp-content\/uploads\/2025\/11\/nina-pequena-600x790.jpg 600w, https:\/\/elpalaciodelamagia.com\/wp-content\/uploads\/2025\/11\/nina-pequena.jpg 1170w\" sizes=\"(max-width: 777px) 100vw, 777px\" \/><\/figure>\n\n\n\n<p><\/p>\n\n\n\n<h2 class=\"wp-block-heading\">Los ni\u00f1os se visten de magos<\/h2>\n\n\n\n<p>Antes de empezar el show, los peques pueden ponerse capa y sombrero. Este simple gesto los mete de lleno en el universo m\u00e1gico, les da confianza y les convierte en protagonistas.<br>Y s\u00ed\u2026 salen fotos incre\u00edbles.<\/p>\n\n\n\n<p><\/p>\n\n\n\n<figure class=\"wp-block-image size-large\"><img decoding=\"async\" width=\"620\" height=\"1024\" src=\"https:\/\/elpalaciodelamagia.com\/wp-content\/uploads\/2025\/11\/publico-con-capas-620x1024.jpg\" alt=\"ni\u00f1as vestidos de magos en barcelona\" class=\"wp-image-4514\" srcset=\"https:\/\/elpalaciodelamagia.com\/wp-content\/uploads\/2025\/11\/publico-con-capas-620x1024.jpg 620w, https:\/\/elpalaciodelamagia.com\/wp-content\/uploads\/2025\/11\/publico-con-capas-182x300.jpg 182w, https:\/\/elpalaciodelamagia.com\/wp-content\/uploads\/2025\/11\/publico-con-capas-768x1268.jpg 768w, https:\/\/elpalaciodelamagia.com\/wp-content\/uploads\/2025\/11\/publico-con-capas-930x1536.jpg 930w, https:\/\/elpalaciodelamagia.com\/wp-content\/uploads\/2025\/11\/publico-con-capas-7x12.jpg 7w, https:\/\/elpalaciodelamagia.com\/wp-content\/uploads\/2025\/11\/publico-con-capas-600x991.jpg 600w, https:\/\/elpalaciodelamagia.com\/wp-content\/uploads\/2025\/11\/publico-con-capas.jpg 1170w\" sizes=\"(max-width: 620px) 100vw, 620px\" \/><\/figure>\n\n\n\n<p><\/p>\n\n\n\n<p><\/p>\n\n\n\n<h2 class=\"wp-block-heading\">Magic Cotton Candy: el algod\u00f3n de az\u00facar que vuela <\/h2>\n\n\n\n<p>En todas las funciones podr\u00e1s disfrutar del invento m\u00e1s loco del Palacio:&nbsp;<strong>el Magic Cotton Candy<\/strong>, el algod\u00f3n de az\u00facar que\u2026 \u00a1vuela!<br>Una experiencia dulce y m\u00e1gica que sorprende a todo el mundo.<\/p>\n\n\n\n<p><strong>Navidades m\u00e1gicas en Barcelona con ni\u00f1os es el plan ideal para estas fiestas.<\/strong><\/p>\n\n\n\n<p><\/p>\n\n\n\n<p><\/p>\n\n\n\n<figure class=\"wp-block-image size-large\"><img decoding=\"async\" width=\"1024\" height=\"1024\" src=\"https:\/\/elpalaciodelamagia.com\/wp-content\/uploads\/2025\/11\/Magic-cotton-candy-1024x1024.jpg\" alt=\"algod\u00f3n de az\u00facar volador navidades m\u00e1gicas\" class=\"wp-image-4515\" srcset=\"https:\/\/elpalaciodelamagia.com\/wp-content\/uploads\/2025\/11\/Magic-cotton-candy-1024x1024.jpg 1024w, https:\/\/elpalaciodelamagia.com\/wp-content\/uploads\/2025\/11\/Magic-cotton-candy-300x300.jpg 300w, https:\/\/elpalaciodelamagia.com\/wp-content\/uploads\/2025\/11\/Magic-cotton-candy-150x150.jpg 150w, https:\/\/elpalaciodelamagia.com\/wp-content\/uploads\/2025\/11\/Magic-cotton-candy-768x768.jpg 768w, https:\/\/elpalaciodelamagia.com\/wp-content\/uploads\/2025\/11\/Magic-cotton-candy-1536x1536.jpg 1536w, https:\/\/elpalaciodelamagia.com\/wp-content\/uploads\/2025\/11\/Magic-cotton-candy-2048x2048.jpg 2048w, https:\/\/elpalaciodelamagia.com\/wp-content\/uploads\/2025\/11\/Magic-cotton-candy-12x12.jpg 12w, https:\/\/elpalaciodelamagia.com\/wp-content\/uploads\/2025\/11\/Magic-cotton-candy-600x600.jpg 600w, https:\/\/elpalaciodelamagia.com\/wp-content\/uploads\/2025\/11\/Magic-cotton-candy-100x100.jpg 100w\" sizes=\"(max-width: 1024px) 100vw, 1024px\" \/><figcaption class=\"wp-element-caption\">\u00abAutenticas nubes de algod\u00f3n de az\u00facar  volador!!!!<\/figcaption><\/figure>\n\n\n\n<p><\/p>\n\n\n\n<h2 class=\"wp-block-heading\">Fechas y horarios de Navidades M\u00e1gicas <\/h2>\n\n\n\n<p>Del&nbsp;<strong>22 de diciembre al 6 de enero<\/strong>, todos los d\u00edas excepto el 1.<br>Con dos funciones diarias:<\/p>\n\n\n\n<h3 class=\"wp-block-heading\">Mediod\u00eda<\/h3>\n\n\n\n<p>\ud83d\udd52 12:00 h<\/p>\n\n\n\n<h3 class=\"wp-block-heading\">Tarde<\/h3>\n\n\n\n<p>\ud83d\udd52 18:00 h<\/p>\n\n\n\n<p><\/p>\n\n\n\n<p><\/p>\n\n\n\n<figure class=\"wp-block-image size-large\"><img loading=\"lazy\" decoding=\"async\" width=\"768\" height=\"1024\" src=\"https:\/\/elpalaciodelamagia.com\/wp-content\/uploads\/2025\/11\/elefanta-lulu-768x1024.jpg\" alt=\"elefanta Lul\u00fa y el mago Maximiliano preparando todo para el show de Navidades M\u00e1gicas&quot;\" class=\"wp-image-4516\" srcset=\"https:\/\/elpalaciodelamagia.com\/wp-content\/uploads\/2025\/11\/elefanta-lulu-768x1024.jpg 768w, https:\/\/elpalaciodelamagia.com\/wp-content\/uploads\/2025\/11\/elefanta-lulu-225x300.jpg 225w, https:\/\/elpalaciodelamagia.com\/wp-content\/uploads\/2025\/11\/elefanta-lulu-1152x1536.jpg 1152w, https:\/\/elpalaciodelamagia.com\/wp-content\/uploads\/2025\/11\/elefanta-lulu-1536x2048.jpg 1536w, https:\/\/elpalaciodelamagia.com\/wp-content\/uploads\/2025\/11\/elefanta-lulu-9x12.jpg 9w, https:\/\/elpalaciodelamagia.com\/wp-content\/uploads\/2025\/11\/elefanta-lulu-600x800.jpg 600w, https:\/\/elpalaciodelamagia.com\/wp-content\/uploads\/2025\/11\/elefanta-lulu-scaled.jpg 1920w\" sizes=\"(max-width: 768px) 100vw, 768px\" \/><figcaption class=\"wp-element-caption\">La elefanta Lul\u00fa siempre sale preciosa!<\/figcaption><\/figure>\n\n\n\n<p><\/p>\n\n\n\n<p><\/p>\n\n\n\n<p>Si busc\u00e1s un plan navide\u00f1o en Barcelona con ni\u00f1os, este es uno de los m\u00e1s recomendados.<\/p>\n\n\n\n<h2 class=\"wp-block-heading\"><strong>Entradas y precios<\/strong><\/h2>\n\n\n\n<p>Las entradas cuestan&nbsp;<strong>desde 15 \u20ac<\/strong>&nbsp;(IVA incluido).<br>Aforo limitado <\/p>\n\n\n\n<p>\ud83d\udc49&nbsp;<strong>Reserva aqu\u00ed:<\/strong>&nbsp;<a href=\"https:\/\/elpalaciodelamagia.com\/en\/navidades-magicas\/\">elpalaciodelamagia.com<\/a><\/p>\n\n\n\n<h2 class=\"wp-block-heading\">Por qu\u00e9 es el mejor plan navide\u00f1o con ni\u00f1os en Barcelona<\/h2>\n\n\n\n<p>Si buscas un plan diferente, c\u00e1lido, divertido y que los ni\u00f1os recuerden muchos a\u00f1os,&nbsp;<strong>Navidades M\u00e1gicas es tu plan<\/strong>.<br>Un espect\u00e1culo que mezcla humor, magia, valores y ternura con nuestros personajes Lulu y la Mona Liza.<br>Una chispa de ilusi\u00f3n que, estas fiestas, hace falta m\u00e1s que nunca.<\/p>\n\n\n\n<h2 class=\"wp-block-heading\">\ud83d\udccd D\u00f3nde estamos<\/h2>\n\n\n\n<p><strong><a href=\"https:\/\/share.google\/ely9sGckhU7h57OAY\">The Palace of the Magic<\/a><\/strong><br>C\/ Elkano 5\u20137, Poble-sec (Barcelona)<br>Metro&nbsp;<strong>L3 \u2013 Poble Sec<\/strong><br>elpaliaciodelamagia.com<\/p>\n\n\n\n<p><\/p>\n\n\n\n<p><\/p>\n\n\n\n<p><\/p>","protected":false},"excerpt":{"rendered":"<p>Un espect\u00e1culo navide\u00f1o para ni\u00f1os en Barcelona Estas Navidades M\u00e1gicas en Barcelona con ni\u00f1os se convierten en un plan perfecto para compartir en familia.En El [&hellip;]<\/p>\n","protected":false},"author":3,"featured_media":4512,"comment_status":"open","ping_status":"open","sticky":false,"template":"","format":"standard","meta":{"_uag_custom_page_level_css":"","site-sidebar-layout":"default","site-content-layout":"","ast-site-content-layout":"default","site-content-style":"default","site-sidebar-style":"default","ast-global-header-display":"","ast-banner-title-visibility":"","ast-main-header-display":"","ast-hfb-above-header-display":"","ast-hfb-below-header-display":"","ast-hfb-mobile-header-display":"","site-post-title":"","ast-breadcrumbs-content":"","ast-featured-img":"","footer-sml-layout":"","ast-disable-related-posts":"","theme-transparent-header-meta":"","adv-header-id-meta":"","stick-header-meta":"","header-above-stick-meta":"","header-main-stick-meta":"","header-below-stick-meta":"","astra-migrate-meta-layouts":"set","ast-page-background-enabled":"default","ast-page-background-meta":{"desktop":{"background-color":"var(--ast-global-color-4)","background-image":"","background-repeat":"repeat","background-position":"center center","background-size":"auto","background-attachment":"scroll","background-type":"","background-media":"","overlay-type":"","overlay-color":"","overlay-opacity":"","overlay-gradient":""},"tablet":{"background-color":"","background-image":"","background-repeat":"repeat","background-position":"center center","background-size":"auto","background-attachment":"scroll","background-type":"","background-media":"","overlay-type":"","overlay-color":"","overlay-opacity":"","overlay-gradient":""},"mobile":{"background-color":"","background-image":"","background-repeat":"repeat","background-position":"center center","background-size":"auto","background-attachment":"scroll","background-type":"","background-media":"","overlay-type":"","overlay-color":"","overlay-opacity":"","overlay-gradient":""}},"ast-content-background-meta":{"desktop":{"background-color":"var(--ast-global-color-5)","background-image":"","background-repeat":"repeat","background-position":"center center","background-size":"auto","background-attachment":"scroll","background-type":"","background-media":"","overlay-type":"","overlay-color":"","overlay-opacity":"","overlay-gradient":""},"tablet":{"background-color":"var(--ast-global-color-5)","background-image":"","background-repeat":"repeat","background-position":"center center","background-size":"auto","background-attachment":"scroll","background-type":"","background-media":"","overlay-type":"","overlay-color":"","overlay-opacity":"","overlay-gradient":""},"mobile":{"background-color":"var(--ast-global-color-5)","background-image":"","background-repeat":"repeat","background-position":"center center","background-size":"auto","background-attachment":"scroll","background-type":"","background-media":"","overlay-type":"","overlay-color":"","overlay-opacity":"","overlay-gradient":""}},"footnotes":""},"categories":[45],"tags":[112,159,179,87,47,115,91,178],"class_list":["post-4511","post","type-post","status-publish","format-standard","has-post-thumbnail","hentry","category-espectaculos","tag-espectaculo-de-magia","tag-espectaculo-familiar","tag-espectaculos-de-magia","tag-magia-barcelona","tag-magia-en-barcelona","tag-magia-maximiliano-stia","tag-show-de-magia","tag-teatro-magico"],"yoast_head":"<!-- This site is optimized with the Yoast SEO plugin v27.3 - https:\/\/yoast.com\/product\/yoast-seo-wordpress\/ -->\n<title>Navidades m\u00e1gicas en Barcelona con ni\u00f1os | Palacio de la Magia<\/title>\n<meta name=\"description\" content=\"Navidades m\u00e1gicas en Barcelona con ni\u00f1os: magia, humor y un show familiar. Del 22 de diciembre al 6 de enero. Entradas desde 15 \u20ac.\" \/>\n<meta name=\"robots\" content=\"index, follow, max-snippet:-1, max-image-preview:large, max-video-preview:-1\" \/>\n<link rel=\"canonical\" href=\"https:\/\/elpalaciodelamagia.com\/en\/navidades-magicas-en-barcelona-el-plan-perfecto-para-hacer-con-ninos-estas-fiestas\/\" \/>\n<meta property=\"og:locale\" content=\"en_GB\" \/>\n<meta property=\"og:type\" content=\"article\" \/>\n<meta property=\"og:title\" content=\"Navidades m\u00e1gicas en Barcelona con ni\u00f1os | Palacio de la Magia\" \/>\n<meta property=\"og:description\" content=\"Navidades m\u00e1gicas en Barcelona con ni\u00f1os: magia, humor y un show familiar. Del 22 de diciembre al 6 de enero. Entradas desde 15 \u20ac.\" \/>\n<meta property=\"og:url\" content=\"https:\/\/elpalaciodelamagia.com\/en\/navidades-magicas-en-barcelona-el-plan-perfecto-para-hacer-con-ninos-estas-fiestas\/\" \/>\n<meta property=\"og:site_name\" content=\"El Palacio De La Magia\" \/>\n<meta property=\"article:published_time\" content=\"2025-11-30T23:24:13+00:00\" \/>\n<meta property=\"article:modified_time\" content=\"2025-12-16T08:11:45+00:00\" \/>\n<meta property=\"og:image\" content=\"https:\/\/elpalaciodelamagia.com\/wp-content\/uploads\/2025\/11\/poster-cuadrado-navidades-2526.png\" \/>\n\t<meta property=\"og:image:width\" content=\"1024\" \/>\n\t<meta property=\"og:image:height\" content=\"1024\" \/>\n\t<meta property=\"og:image:type\" content=\"image\/png\" \/>\n<meta name=\"author\" content=\"Maximiliano Stia\" \/>\n<meta name=\"twitter:card\" content=\"summary_large_image\" \/>\n<meta name=\"twitter:label1\" content=\"Written by\" \/>\n\t<meta name=\"twitter:data1\" content=\"Maximiliano Stia\" \/>\n\t<meta name=\"twitter:label2\" content=\"Estimated reading time\" \/>\n\t<meta name=\"twitter:data2\" content=\"3 minutes\" \/>\n<script type=\"application\/ld+json\" class=\"yoast-schema-graph\">{\"@context\":\"https:\\\/\\\/schema.org\",\"@graph\":[{\"@type\":\"Article\",\"@id\":\"https:\\\/\\\/elpalaciodelamagia.com\\\/navidades-magicas-en-barcelona-el-plan-perfecto-para-hacer-con-ninos-estas-fiestas\\\/#article\",\"isPartOf\":{\"@id\":\"https:\\\/\\\/elpalaciodelamagia.com\\\/navidades-magicas-en-barcelona-el-plan-perfecto-para-hacer-con-ninos-estas-fiestas\\\/\"},\"author\":{\"name\":\"Maximiliano Stia\",\"@id\":\"https:\\\/\\\/elpalaciodelamagia.com\\\/#\\\/schema\\\/person\\\/d6f8ebfdaa0a5b0368578a3765a2c35d\"},\"headline\":\"Navidades M\u00e1gicas en Barcelona: el plan perfecto para hacer con ni\u00f1os estas fiestas\",\"datePublished\":\"2025-11-30T23:24:13+00:00\",\"dateModified\":\"2025-12-16T08:11:45+00:00\",\"mainEntityOfPage\":{\"@id\":\"https:\\\/\\\/elpalaciodelamagia.com\\\/navidades-magicas-en-barcelona-el-plan-perfecto-para-hacer-con-ninos-estas-fiestas\\\/\"},\"wordCount\":368,\"commentCount\":0,\"publisher\":{\"@id\":\"https:\\\/\\\/elpalaciodelamagia.com\\\/#organization\"},\"image\":{\"@id\":\"https:\\\/\\\/elpalaciodelamagia.com\\\/navidades-magicas-en-barcelona-el-plan-perfecto-para-hacer-con-ninos-estas-fiestas\\\/#primaryimage\"},\"thumbnailUrl\":\"https:\\\/\\\/elpalaciodelamagia.com\\\/wp-content\\\/uploads\\\/2025\\\/11\\\/poster-cuadrado-navidades-2526.png\",\"keywords\":[\"espectaculo de magia\",\"espect\u00e1culo familiar\",\"espect\u00e1culos de magia\",\"magia barcelona\",\"Magia en Barcelona\",\"Magia Maximiliano Stia\",\"show de magia\",\"teatro magico\"],\"articleSection\":[\"Espect\u00e1culos\"],\"inLanguage\":\"en-GB\",\"potentialAction\":[{\"@type\":\"CommentAction\",\"name\":\"Comment\",\"target\":[\"https:\\\/\\\/elpalaciodelamagia.com\\\/navidades-magicas-en-barcelona-el-plan-perfecto-para-hacer-con-ninos-estas-fiestas\\\/#respond\"]}]},{\"@type\":\"WebPage\",\"@id\":\"https:\\\/\\\/elpalaciodelamagia.com\\\/navidades-magicas-en-barcelona-el-plan-perfecto-para-hacer-con-ninos-estas-fiestas\\\/\",\"url\":\"https:\\\/\\\/elpalaciodelamagia.com\\\/navidades-magicas-en-barcelona-el-plan-perfecto-para-hacer-con-ninos-estas-fiestas\\\/\",\"name\":\"Navidades m\u00e1gicas en Barcelona con ni\u00f1os | Palacio de la Magia\",\"isPartOf\":{\"@id\":\"https:\\\/\\\/elpalaciodelamagia.com\\\/#website\"},\"primaryImageOfPage\":{\"@id\":\"https:\\\/\\\/elpalaciodelamagia.com\\\/navidades-magicas-en-barcelona-el-plan-perfecto-para-hacer-con-ninos-estas-fiestas\\\/#primaryimage\"},\"image\":{\"@id\":\"https:\\\/\\\/elpalaciodelamagia.com\\\/navidades-magicas-en-barcelona-el-plan-perfecto-para-hacer-con-ninos-estas-fiestas\\\/#primaryimage\"},\"thumbnailUrl\":\"https:\\\/\\\/elpalaciodelamagia.com\\\/wp-content\\\/uploads\\\/2025\\\/11\\\/poster-cuadrado-navidades-2526.png\",\"datePublished\":\"2025-11-30T23:24:13+00:00\",\"dateModified\":\"2025-12-16T08:11:45+00:00\",\"description\":\"Navidades m\u00e1gicas en Barcelona con ni\u00f1os: magia, humor y un show familiar. Del 22 de diciembre al 6 de enero. Entradas desde 15 \u20ac.\",\"breadcrumb\":{\"@id\":\"https:\\\/\\\/elpalaciodelamagia.com\\\/navidades-magicas-en-barcelona-el-plan-perfecto-para-hacer-con-ninos-estas-fiestas\\\/#breadcrumb\"},\"inLanguage\":\"en-GB\",\"potentialAction\":[{\"@type\":\"ReadAction\",\"target\":[\"https:\\\/\\\/elpalaciodelamagia.com\\\/navidades-magicas-en-barcelona-el-plan-perfecto-para-hacer-con-ninos-estas-fiestas\\\/\"]}]},{\"@type\":\"ImageObject\",\"inLanguage\":\"en-GB\",\"@id\":\"https:\\\/\\\/elpalaciodelamagia.com\\\/navidades-magicas-en-barcelona-el-plan-perfecto-para-hacer-con-ninos-estas-fiestas\\\/#primaryimage\",\"url\":\"https:\\\/\\\/elpalaciodelamagia.com\\\/wp-content\\\/uploads\\\/2025\\\/11\\\/poster-cuadrado-navidades-2526.png\",\"contentUrl\":\"https:\\\/\\\/elpalaciodelamagia.com\\\/wp-content\\\/uploads\\\/2025\\\/11\\\/poster-cuadrado-navidades-2526.png\",\"width\":1024,\"height\":1024,\"caption\":\"poster cuadrado navidades 25:26 el palacio de la magia\"},{\"@type\":\"BreadcrumbList\",\"@id\":\"https:\\\/\\\/elpalaciodelamagia.com\\\/navidades-magicas-en-barcelona-el-plan-perfecto-para-hacer-con-ninos-estas-fiestas\\\/#breadcrumb\",\"itemListElement\":[{\"@type\":\"ListItem\",\"position\":1,\"name\":\"Home\",\"item\":\"https:\\\/\\\/elpalaciodelamagia.com\\\/\"},{\"@type\":\"ListItem\",\"position\":2,\"name\":\"Navidades M\u00e1gicas en Barcelona: el plan perfecto para hacer con ni\u00f1os estas fiestas\"}]},{\"@type\":\"WebSite\",\"@id\":\"https:\\\/\\\/elpalaciodelamagia.com\\\/#website\",\"url\":\"https:\\\/\\\/elpalaciodelamagia.com\\\/\",\"name\":\"El Palacio De La Magia\",\"description\":\"Sala Teatro de Magia\",\"publisher\":{\"@id\":\"https:\\\/\\\/elpalaciodelamagia.com\\\/#organization\"},\"potentialAction\":[{\"@type\":\"SearchAction\",\"target\":{\"@type\":\"EntryPoint\",\"urlTemplate\":\"https:\\\/\\\/elpalaciodelamagia.com\\\/?s={search_term_string}\"},\"query-input\":{\"@type\":\"PropertyValueSpecification\",\"valueRequired\":true,\"valueName\":\"search_term_string\"}}],\"inLanguage\":\"en-GB\"},{\"@type\":\"Organization\",\"@id\":\"https:\\\/\\\/elpalaciodelamagia.com\\\/#organization\",\"name\":\"El Palacio De La Magia\",\"url\":\"https:\\\/\\\/elpalaciodelamagia.com\\\/\",\"logo\":{\"@type\":\"ImageObject\",\"inLanguage\":\"en-GB\",\"@id\":\"https:\\\/\\\/elpalaciodelamagia.com\\\/#\\\/schema\\\/logo\\\/image\\\/\",\"url\":\"https:\\\/\\\/elpalaciodelamagia.com\\\/wp-content\\\/uploads\\\/2025\\\/08\\\/Logo_2023_Letras-Blancas-sin-fondo.png\",\"contentUrl\":\"https:\\\/\\\/elpalaciodelamagia.com\\\/wp-content\\\/uploads\\\/2025\\\/08\\\/Logo_2023_Letras-Blancas-sin-fondo.png\",\"width\":560,\"height\":255,\"caption\":\"El Palacio De La Magia\"},\"image\":{\"@id\":\"https:\\\/\\\/elpalaciodelamagia.com\\\/#\\\/schema\\\/logo\\\/image\\\/\"}},{\"@type\":\"Person\",\"@id\":\"https:\\\/\\\/elpalaciodelamagia.com\\\/#\\\/schema\\\/person\\\/d6f8ebfdaa0a5b0368578a3765a2c35d\",\"name\":\"Maximiliano Stia\",\"image\":{\"@type\":\"ImageObject\",\"inLanguage\":\"en-GB\",\"@id\":\"https:\\\/\\\/elpalaciodelamagia.com\\\/wp-content\\\/litespeed\\\/avatar\\\/8b400567d8bf3d57d4549a0a10fac7b8.jpg?ver=1776962144\",\"url\":\"https:\\\/\\\/elpalaciodelamagia.com\\\/wp-content\\\/litespeed\\\/avatar\\\/8b400567d8bf3d57d4549a0a10fac7b8.jpg?ver=1776962144\",\"contentUrl\":\"https:\\\/\\\/elpalaciodelamagia.com\\\/wp-content\\\/litespeed\\\/avatar\\\/8b400567d8bf3d57d4549a0a10fac7b8.jpg?ver=1776962144\",\"caption\":\"Maximiliano Stia\"},\"sameAs\":[\"https:\\\/\\\/elpalaciodelamagia.com\"],\"url\":\"https:\\\/\\\/elpalaciodelamagia.com\\\/en\\\/author\\\/maximiliano-stia\\\/\"}]}<\/script>\n<!-- \/ Yoast SEO plugin. -->","yoast_head_json":{"title":"Navidades m\u00e1gicas en Barcelona con ni\u00f1os | Palacio de la Magia","description":"Navidades m\u00e1gicas en Barcelona con ni\u00f1os: magia, humor y un show familiar. Del 22 de diciembre al 6 de enero. Entradas desde 15 \u20ac.","robots":{"index":"index","follow":"follow","max-snippet":"max-snippet:-1","max-image-preview":"max-image-preview:large","max-video-preview":"max-video-preview:-1"},"canonical":"https:\/\/elpalaciodelamagia.com\/en\/navidades-magicas-en-barcelona-el-plan-perfecto-para-hacer-con-ninos-estas-fiestas\/","og_locale":"en_GB","og_type":"article","og_title":"Navidades m\u00e1gicas en Barcelona con ni\u00f1os | Palacio de la Magia","og_description":"Navidades m\u00e1gicas en Barcelona con ni\u00f1os: magia, humor y un show familiar. Del 22 de diciembre al 6 de enero. Entradas desde 15 \u20ac.","og_url":"https:\/\/elpalaciodelamagia.com\/en\/navidades-magicas-en-barcelona-el-plan-perfecto-para-hacer-con-ninos-estas-fiestas\/","og_site_name":"El Palacio De La Magia","article_published_time":"2025-11-30T23:24:13+00:00","article_modified_time":"2025-12-16T08:11:45+00:00","og_image":[{"width":1024,"height":1024,"url":"https:\/\/elpalaciodelamagia.com\/wp-content\/uploads\/2025\/11\/poster-cuadrado-navidades-2526.png","type":"image\/png"}],"author":"Maximiliano Stia","twitter_card":"summary_large_image","twitter_misc":{"Written by":"Maximiliano Stia","Estimated reading time":"3 minutes"},"schema":{"@context":"https:\/\/schema.org","@graph":[{"@type":"Article","@id":"https:\/\/elpalaciodelamagia.com\/navidades-magicas-en-barcelona-el-plan-perfecto-para-hacer-con-ninos-estas-fiestas\/#article","isPartOf":{"@id":"https:\/\/elpalaciodelamagia.com\/navidades-magicas-en-barcelona-el-plan-perfecto-para-hacer-con-ninos-estas-fiestas\/"},"author":{"name":"Maximiliano Stia","@id":"https:\/\/elpalaciodelamagia.com\/#\/schema\/person\/d6f8ebfdaa0a5b0368578a3765a2c35d"},"headline":"Navidades M\u00e1gicas en Barcelona: el plan perfecto para hacer con ni\u00f1os estas fiestas","datePublished":"2025-11-30T23:24:13+00:00","dateModified":"2025-12-16T08:11:45+00:00","mainEntityOfPage":{"@id":"https:\/\/elpalaciodelamagia.com\/navidades-magicas-en-barcelona-el-plan-perfecto-para-hacer-con-ninos-estas-fiestas\/"},"wordCount":368,"commentCount":0,"publisher":{"@id":"https:\/\/elpalaciodelamagia.com\/#organization"},"image":{"@id":"https:\/\/elpalaciodelamagia.com\/navidades-magicas-en-barcelona-el-plan-perfecto-para-hacer-con-ninos-estas-fiestas\/#primaryimage"},"thumbnailUrl":"https:\/\/elpalaciodelamagia.com\/wp-content\/uploads\/2025\/11\/poster-cuadrado-navidades-2526.png","keywords":["espectaculo de magia","espect\u00e1culo familiar","espect\u00e1culos de magia","magia barcelona","Magia en Barcelona","Magia Maximiliano Stia","show de magia","teatro magico"],"articleSection":["Espect\u00e1culos"],"inLanguage":"en-GB","potentialAction":[{"@type":"CommentAction","name":"Comment","target":["https:\/\/elpalaciodelamagia.com\/navidades-magicas-en-barcelona-el-plan-perfecto-para-hacer-con-ninos-estas-fiestas\/#respond"]}]},{"@type":"WebPage","@id":"https:\/\/elpalaciodelamagia.com\/navidades-magicas-en-barcelona-el-plan-perfecto-para-hacer-con-ninos-estas-fiestas\/","url":"https:\/\/elpalaciodelamagia.com\/navidades-magicas-en-barcelona-el-plan-perfecto-para-hacer-con-ninos-estas-fiestas\/","name":"Navidades m\u00e1gicas en Barcelona con ni\u00f1os | Palacio de la Magia","isPartOf":{"@id":"https:\/\/elpalaciodelamagia.com\/#website"},"primaryImageOfPage":{"@id":"https:\/\/elpalaciodelamagia.com\/navidades-magicas-en-barcelona-el-plan-perfecto-para-hacer-con-ninos-estas-fiestas\/#primaryimage"},"image":{"@id":"https:\/\/elpalaciodelamagia.com\/navidades-magicas-en-barcelona-el-plan-perfecto-para-hacer-con-ninos-estas-fiestas\/#primaryimage"},"thumbnailUrl":"https:\/\/elpalaciodelamagia.com\/wp-content\/uploads\/2025\/11\/poster-cuadrado-navidades-2526.png","datePublished":"2025-11-30T23:24:13+00:00","dateModified":"2025-12-16T08:11:45+00:00","description":"Navidades m\u00e1gicas en Barcelona con ni\u00f1os: magia, humor y un show familiar. Del 22 de diciembre al 6 de enero. Entradas desde 15 \u20ac.","breadcrumb":{"@id":"https:\/\/elpalaciodelamagia.com\/navidades-magicas-en-barcelona-el-plan-perfecto-para-hacer-con-ninos-estas-fiestas\/#breadcrumb"},"inLanguage":"en-GB","potentialAction":[{"@type":"ReadAction","target":["https:\/\/elpalaciodelamagia.com\/navidades-magicas-en-barcelona-el-plan-perfecto-para-hacer-con-ninos-estas-fiestas\/"]}]},{"@type":"ImageObject","inLanguage":"en-GB","@id":"https:\/\/elpalaciodelamagia.com\/navidades-magicas-en-barcelona-el-plan-perfecto-para-hacer-con-ninos-estas-fiestas\/#primaryimage","url":"https:\/\/elpalaciodelamagia.com\/wp-content\/uploads\/2025\/11\/poster-cuadrado-navidades-2526.png","contentUrl":"https:\/\/elpalaciodelamagia.com\/wp-content\/uploads\/2025\/11\/poster-cuadrado-navidades-2526.png","width":1024,"height":1024,"caption":"poster cuadrado navidades 25:26 el palacio de la magia"},{"@type":"BreadcrumbList","@id":"https:\/\/elpalaciodelamagia.com\/navidades-magicas-en-barcelona-el-plan-perfecto-para-hacer-con-ninos-estas-fiestas\/#breadcrumb","itemListElement":[{"@type":"ListItem","position":1,"name":"Home","item":"https:\/\/elpalaciodelamagia.com\/"},{"@type":"ListItem","position":2,"name":"Navidades M\u00e1gicas en Barcelona: el plan perfecto para hacer con ni\u00f1os estas fiestas"}]},{"@type":"WebSite","@id":"https:\/\/elpalaciodelamagia.com\/#website","url":"https:\/\/elpalaciodelamagia.com\/","name":"The Palace Of The Magic","description":"Sala Teatro de Magia","publisher":{"@id":"https:\/\/elpalaciodelamagia.com\/#organization"},"potentialAction":[{"@type":"SearchAction","target":{"@type":"EntryPoint","urlTemplate":"https:\/\/elpalaciodelamagia.com\/?s={search_term_string}"},"query-input":{"@type":"PropertyValueSpecification","valueRequired":true,"valueName":"search_term_string"}}],"inLanguage":"en-GB"},{"@type":"Organization","@id":"https:\/\/elpalaciodelamagia.com\/#organization","name":"The Palace Of The Magic","url":"https:\/\/elpalaciodelamagia.com\/","logo":{"@type":"ImageObject","inLanguage":"en-GB","@id":"https:\/\/elpalaciodelamagia.com\/#\/schema\/logo\/image\/","url":"https:\/\/elpalaciodelamagia.com\/wp-content\/uploads\/2025\/08\/Logo_2023_Letras-Blancas-sin-fondo.png","contentUrl":"https:\/\/elpalaciodelamagia.com\/wp-content\/uploads\/2025\/08\/Logo_2023_Letras-Blancas-sin-fondo.png","width":560,"height":255,"caption":"El Palacio De La Magia"},"image":{"@id":"https:\/\/elpalaciodelamagia.com\/#\/schema\/logo\/image\/"}},{"@type":"Person","@id":"https:\/\/elpalaciodelamagia.com\/#\/schema\/person\/d6f8ebfdaa0a5b0368578a3765a2c35d","name":"Maximilian Stia","image":{"@type":"ImageObject","inLanguage":"en-GB","@id":"https:\/\/elpalaciodelamagia.com\/wp-content\/litespeed\/avatar\/8b400567d8bf3d57d4549a0a10fac7b8.jpg?ver=1776962144","url":"https:\/\/elpalaciodelamagia.com\/wp-content\/litespeed\/avatar\/8b400567d8bf3d57d4549a0a10fac7b8.jpg?ver=1776962144","contentUrl":"https:\/\/elpalaciodelamagia.com\/wp-content\/litespeed\/avatar\/8b400567d8bf3d57d4549a0a10fac7b8.jpg?ver=1776962144","caption":"Maximiliano Stia"},"sameAs":["https:\/\/elpalaciodelamagia.com"],"url":"https:\/\/elpalaciodelamagia.com\/en\/author\/maximiliano-stia\/"}]}},"uagb_featured_image_src":{"full":["https:\/\/elpalaciodelamagia.com\/wp-content\/uploads\/2025\/11\/poster-cuadrado-navidades-2526.png",1024,1024,false],"thumbnail":["https:\/\/elpalaciodelamagia.com\/wp-content\/uploads\/2025\/11\/poster-cuadrado-navidades-2526-150x150.png",150,150,true],"medium":["https:\/\/elpalaciodelamagia.com\/wp-content\/uploads\/2025\/11\/poster-cuadrado-navidades-2526-300x300.png",300,300,true],"medium_large":["https:\/\/elpalaciodelamagia.com\/wp-content\/uploads\/2025\/11\/poster-cuadrado-navidades-2526-768x768.png",768,768,true],"large":["https:\/\/elpalaciodelamagia.com\/wp-content\/uploads\/2025\/11\/poster-cuadrado-navidades-2526.png",1024,1024,false],"1536x1536":["https:\/\/elpalaciodelamagia.com\/wp-content\/uploads\/2025\/11\/poster-cuadrado-navidades-2526.png",1024,1024,false],"2048x2048":["https:\/\/elpalaciodelamagia.com\/wp-content\/uploads\/2025\/11\/poster-cuadrado-navidades-2526.png",1024,1024,false],"trp-custom-language-flag":["https:\/\/elpalaciodelamagia.com\/wp-content\/uploads\/2025\/11\/poster-cuadrado-navidades-2526-12x12.png",12,12,true],"woocommerce_thumbnail":["https:\/\/elpalaciodelamagia.com\/wp-content\/uploads\/2025\/11\/poster-cuadrado-navidades-2526-300x300.png",300,300,true],"woocommerce_single":["https:\/\/elpalaciodelamagia.com\/wp-content\/uploads\/2025\/11\/poster-cuadrado-navidades-2526-600x600.png",600,600,true],"woocommerce_gallery_thumbnail":["https:\/\/elpalaciodelamagia.com\/wp-content\/uploads\/2025\/11\/poster-cuadrado-navidades-2526-100x100.png",100,100,true]},"uagb_author_info":{"display_name":"Maximiliano Stia","author_link":"https:\/\/elpalaciodelamagia.com\/en\/author\/maximiliano-stia\/"},"uagb_comment_info":3,"uagb_excerpt":"Un espect\u00e1culo navide\u00f1o para ni\u00f1os en Barcelona Estas Navidades M\u00e1gicas en Barcelona con ni\u00f1os se convierten en un plan perfecto para compartir en familia.En El [&hellip;]","_links":{"self":[{"href":"https:\/\/elpalaciodelamagia.com\/en\/wp-json\/wp\/v2\/posts\/4511","targetHints":{"allow":["GET"]}}],"collection":[{"href":"https:\/\/elpalaciodelamagia.com\/en\/wp-json\/wp\/v2\/posts"}],"about":[{"href":"https:\/\/elpalaciodelamagia.com\/en\/wp-json\/wp\/v2\/types\/post"}],"author":[{"embeddable":true,"href":"https:\/\/elpalaciodelamagia.com\/en\/wp-json\/wp\/v2\/users\/3"}],"replies":[{"embeddable":true,"href":"https:\/\/elpalaciodelamagia.com\/en\/wp-json\/wp\/v2\/comments?post=4511"}],"version-history":[{"count":10,"href":"https:\/\/elpalaciodelamagia.com\/en\/wp-json\/wp\/v2\/posts\/4511\/revisions"}],"predecessor-version":[{"id":4554,"href":"https:\/\/elpalaciodelamagia.com\/en\/wp-json\/wp\/v2\/posts\/4511\/revisions\/4554"}],"wp:featuredmedia":[{"embeddable":true,"href":"https:\/\/elpalaciodelamagia.com\/en\/wp-json\/wp\/v2\/media\/4512"}],"wp:attachment":[{"href":"https:\/\/elpalaciodelamagia.com\/en\/wp-json\/wp\/v2\/media?parent=4511"}],"wp:term":[{"taxonomy":"category","embeddable":true,"href":"https:\/\/elpalaciodelamagia.com\/en\/wp-json\/wp\/v2\/categories?post=4511"},{"taxonomy":"post_tag","embeddable":true,"href":"https:\/\/elpalaciodelamagia.com\/en\/wp-json\/wp\/v2\/tags?post=4511"}],"curies":[{"name":"wp","href":"https:\/\/api.w.org\/{rel}","templated":true}]}}